{"id":6319,"date":"2023-05-11T15:38:10","date_gmt":"2023-05-11T15:38:10","guid":{"rendered":"https:\/\/inclusionsinlimitaciones.cl\/?p=6319"},"modified":"2023-06-06T15:46:15","modified_gmt":"2023-06-06T15:46:15","slug":"feria-de-inclusion","status":"publish","type":"post","link":"https:\/\/inclusionsinlimitaciones.cl\/index.php\/2023\/05\/11\/feria-de-inclusion\/","title":{"rendered":"Feria de Inclusi\u00f3n"},"content":{"rendered":"<h2>J\u00f3venes postularon en feria de inclusi\u00f3n laboral para personas con Discapacidad<\/h2>\n<p>Los j\u00f3venes Javier Alcaide, Francisca Hern\u00e1ndez, Fernanda Bustos y Marcela Vidal visitaron la Feria de inclusi\u00f3n laboral organizada por la Municipalidad de Providencia en Parque Bustamante donde hab\u00edan m\u00e1s de 30 empresas para postular. Acompa\u00f1ados de la terapeuta ocupacional Camila Arcos, los j\u00f3venes ya hicieron sus postulaciones a las empresas de su inter\u00e9s.<\/p>\n","protected":false},"excerpt":{"rendered":"<p>J\u00f3venes postularon en feria de inclusi\u00f3n laboral para personas con Discapacidad Los j\u00f3venes Javier Alcaide, Francisca Hern\u00e1ndez, Fernanda Bustos y Marcela Vidal visitaron la Feria de inclusi\u00f3n laboral organizada por la Municipalidad de Providencia en Parque Bustamante donde hab\u00edan m\u00e1s de 30 empresas para postular. Acompa\u00f1ados de la terapeuta ocupacional Camila Arcos, los j\u00f3venes ya &hellip; <a href=\"https:\/\/inclusionsinlimitaciones.cl\/index.php\/2023\/05\/11\/feria-de-inclusion\/\" class=\"more-link\">Continue reading <span class=\"screen-reader-text\">Feria de Inclusi\u00f3n<\/span><\/a><\/p>\n","protected":false},"author":1,"featured_media":6321,"comment_status":"closed","ping_status":"closed","sticky":false,"template":"","format":"standard","meta":{"footnotes":""},"categories":[46],"tags":[],"class_list":["post-6319","post","type-post","status-publish","format-standard","has-post-thumbnail","hentry","category-uncategorized"],"_links":{"self":[{"href":"https:\/\/inclusionsinlimitaciones.cl\/index.php\/wp-json\/wp\/v2\/posts\/6319","targetHints":{"allow":["GET"]}}],"collection":[{"href":"https:\/\/inclusionsinlimitaciones.cl\/index.php\/wp-json\/wp\/v2\/posts"}],"about":[{"href":"https:\/\/inclusionsinlimitaciones.cl\/index.php\/wp-json\/wp\/v2\/types\/post"}],"author":[{"embeddable":true,"href":"https:\/\/inclusionsinlimitaciones.cl\/index.php\/wp-json\/wp\/v2\/users\/1"}],"replies":[{"embeddable":true,"href":"https:\/\/inclusionsinlimitaciones.cl\/index.php\/wp-json\/wp\/v2\/comments?post=6319"}],"version-history":[{"count":2,"href":"https:\/\/inclusionsinlimitaciones.cl\/index.php\/wp-json\/wp\/v2\/posts\/6319\/revisions"}],"predecessor-version":[{"id":6322,"href":"https:\/\/inclusionsinlimitaciones.cl\/index.php\/wp-json\/wp\/v2\/posts\/6319\/revisions\/6322"}],"wp:featuredmedia":[{"embeddable":true,"href":"https:\/\/inclusionsinlimitaciones.cl\/index.php\/wp-json\/wp\/v2\/media\/6321"}],"wp:attachment":[{"href":"https:\/\/inclusionsinlimitaciones.cl\/index.php\/wp-json\/wp\/v2\/media?parent=6319"}],"wp:term":[{"taxonomy":"category","embeddable":true,"href":"https:\/\/inclusionsinlimitaciones.cl\/index.php\/wp-json\/wp\/v2\/categories?post=6319"},{"taxonomy":"post_tag","embeddable":true,"href":"https:\/\/inclusionsinlimitaciones.cl\/index.php\/wp-json\/wp\/v2\/tags?post=6319"}],"curies":[{"name":"wp","href":"https:\/\/api.w.org\/{rel}","templated":true}]}}