{"id":6209,"date":"2023-03-09T23:07:12","date_gmt":"2023-03-09T23:07:12","guid":{"rendered":"https:\/\/inclusionsinlimitaciones.cl\/?p=6209"},"modified":"2023-04-04T22:26:26","modified_gmt":"2023-04-04T22:26:26","slug":"dia-de-la-mujer","status":"publish","type":"post","link":"https:\/\/inclusionsinlimitaciones.cl\/index.php\/2023\/03\/09\/dia-de-la-mujer\/","title":{"rendered":"D\u00eda de la Mujer"},"content":{"rendered":"<h2>Podemos crecer y ser todo lo que queremos ser&#8230;<\/h2>\n<p>El lunes 6 de Marzo se realiz\u00f3 un encuentro con las mujeres de APM para conmemorar el D\u00eda Internacional de la Mujer. La jornada comenz\u00f3 con un desayuno, para luego seguir junto a la invitada especial Viviana Sepulveda, quien gui\u00f3 un ritual de buenos deseos para todas. Finaliz\u00f3 la jornada con una actividad de reflexi\u00f3n sobre la construcci\u00f3n y deconstrucci\u00f3n del rol como mujer.<\/p>\n","protected":false},"excerpt":{"rendered":"<p>Podemos crecer y ser todo lo que queremos ser&#8230; El lunes 6 de Marzo se realiz\u00f3 un encuentro con las mujeres de APM para conmemorar el D\u00eda Internacional de la Mujer. La jornada comenz\u00f3 con un desayuno, para luego seguir junto a la invitada especial Viviana Sepulveda, quien gui\u00f3 un ritual de buenos deseos para &hellip; <a href=\"https:\/\/inclusionsinlimitaciones.cl\/index.php\/2023\/03\/09\/dia-de-la-mujer\/\" class=\"more-link\">Continue reading <span class=\"screen-reader-text\">D\u00eda de la Mujer<\/span><\/a><\/p>\n","protected":false},"author":1,"featured_media":6212,"comment_status":"closed","ping_status":"closed","sticky":false,"template":"","format":"standard","meta":{"footnotes":""},"categories":[46],"tags":[],"class_list":["post-6209","post","type-post","status-publish","format-standard","has-post-thumbnail","hentry","category-uncategorized"],"_links":{"self":[{"href":"https:\/\/inclusionsinlimitaciones.cl\/index.php\/wp-json\/wp\/v2\/posts\/6209","targetHints":{"allow":["GET"]}}],"collection":[{"href":"https:\/\/inclusionsinlimitaciones.cl\/index.php\/wp-json\/wp\/v2\/posts"}],"about":[{"href":"https:\/\/inclusionsinlimitaciones.cl\/index.php\/wp-json\/wp\/v2\/types\/post"}],"author":[{"embeddable":true,"href":"https:\/\/inclusionsinlimitaciones.cl\/index.php\/wp-json\/wp\/v2\/users\/1"}],"replies":[{"embeddable":true,"href":"https:\/\/inclusionsinlimitaciones.cl\/index.php\/wp-json\/wp\/v2\/comments?post=6209"}],"version-history":[{"count":4,"href":"https:\/\/inclusionsinlimitaciones.cl\/index.php\/wp-json\/wp\/v2\/posts\/6209\/revisions"}],"predecessor-version":[{"id":6285,"href":"https:\/\/inclusionsinlimitaciones.cl\/index.php\/wp-json\/wp\/v2\/posts\/6209\/revisions\/6285"}],"wp:featuredmedia":[{"embeddable":true,"href":"https:\/\/inclusionsinlimitaciones.cl\/index.php\/wp-json\/wp\/v2\/media\/6212"}],"wp:attachment":[{"href":"https:\/\/inclusionsinlimitaciones.cl\/index.php\/wp-json\/wp\/v2\/media?parent=6209"}],"wp:term":[{"taxonomy":"category","embeddable":true,"href":"https:\/\/inclusionsinlimitaciones.cl\/index.php\/wp-json\/wp\/v2\/categories?post=6209"},{"taxonomy":"post_tag","embeddable":true,"href":"https:\/\/inclusionsinlimitaciones.cl\/index.php\/wp-json\/wp\/v2\/tags?post=6209"}],"curies":[{"name":"wp","href":"https:\/\/api.w.org\/{rel}","templated":true}]}}