{"id":5884,"date":"2022-12-27T04:11:45","date_gmt":"2022-12-27T04:11:45","guid":{"rendered":"https:\/\/inclusionsinlimitaciones.cl\/?p=5884"},"modified":"2023-01-27T04:14:23","modified_gmt":"2023-01-27T04:14:23","slug":"alianza-lace","status":"publish","type":"post","link":"https:\/\/inclusionsinlimitaciones.cl\/index.php\/2022\/12\/27\/alianza-lace\/","title":{"rendered":"Alianza Lace"},"content":{"rendered":"<h2>APM firma alianza de cooperaci\u00f3n con Fundaci\u00f3n Lace Educaci\u00f3n, para este 2023<\/h2>\n<p>Se inaugura esta alianza con la donaci\u00f3n realizada por este Holding educacional. Ahora APM cuenta con una pantalla interactiva Viewsonic de 65\u201d para que las y los j\u00f3venes de APM puedan tener clases interactivas y aprendan seg\u00fan sus estilos de aprendizaje, aprovechando al m\u00e1ximo el ecosistema educativo Myviewboard.<\/p>\n<p>Esta herramienta tecnol\u00f3gica facilita la colaboraci\u00f3n mediante el uso de metodolog\u00edas activo-participativas, innovaciones did\u00e1cticas enmarcadas dentro del proyecto POETA DigiSpark d\u00f3nde APM ya forma parte de este sistema. El fin es que las y los j\u00f3venes con S\u00edndrome de Down y\/o discapacidad intelectual puedan insertarse laboralmente o emprender sus propios negocios.<\/p>\n","protected":false},"excerpt":{"rendered":"<p>APM firma alianza de cooperaci\u00f3n con Fundaci\u00f3n Lace Educaci\u00f3n, para este 2023 Se inaugura esta alianza con la donaci\u00f3n realizada por este Holding educacional. Ahora APM cuenta con una pantalla interactiva Viewsonic de 65\u201d para que las y los j\u00f3venes de APM puedan tener clases interactivas y aprendan seg\u00fan sus estilos de aprendizaje, aprovechando al &hellip; <a href=\"https:\/\/inclusionsinlimitaciones.cl\/index.php\/2022\/12\/27\/alianza-lace\/\" class=\"more-link\">Continue reading <span class=\"screen-reader-text\">Alianza Lace<\/span><\/a><\/p>\n","protected":false},"author":1,"featured_media":5887,"comment_status":"closed","ping_status":"closed","sticky":false,"template":"","format":"standard","meta":{"footnotes":""},"categories":[46],"tags":[],"class_list":["post-5884","post","type-post","status-publish","format-standard","has-post-thumbnail","hentry","category-uncategorized"],"_links":{"self":[{"href":"https:\/\/inclusionsinlimitaciones.cl\/index.php\/wp-json\/wp\/v2\/posts\/5884","targetHints":{"allow":["GET"]}}],"collection":[{"href":"https:\/\/inclusionsinlimitaciones.cl\/index.php\/wp-json\/wp\/v2\/posts"}],"about":[{"href":"https:\/\/inclusionsinlimitaciones.cl\/index.php\/wp-json\/wp\/v2\/types\/post"}],"author":[{"embeddable":true,"href":"https:\/\/inclusionsinlimitaciones.cl\/index.php\/wp-json\/wp\/v2\/users\/1"}],"replies":[{"embeddable":true,"href":"https:\/\/inclusionsinlimitaciones.cl\/index.php\/wp-json\/wp\/v2\/comments?post=5884"}],"version-history":[{"count":3,"href":"https:\/\/inclusionsinlimitaciones.cl\/index.php\/wp-json\/wp\/v2\/posts\/5884\/revisions"}],"predecessor-version":[{"id":5888,"href":"https:\/\/inclusionsinlimitaciones.cl\/index.php\/wp-json\/wp\/v2\/posts\/5884\/revisions\/5888"}],"wp:featuredmedia":[{"embeddable":true,"href":"https:\/\/inclusionsinlimitaciones.cl\/index.php\/wp-json\/wp\/v2\/media\/5887"}],"wp:attachment":[{"href":"https:\/\/inclusionsinlimitaciones.cl\/index.php\/wp-json\/wp\/v2\/media?parent=5884"}],"wp:term":[{"taxonomy":"category","embeddable":true,"href":"https:\/\/inclusionsinlimitaciones.cl\/index.php\/wp-json\/wp\/v2\/categories?post=5884"},{"taxonomy":"post_tag","embeddable":true,"href":"https:\/\/inclusionsinlimitaciones.cl\/index.php\/wp-json\/wp\/v2\/tags?post=5884"}],"curies":[{"name":"wp","href":"https:\/\/api.w.org\/{rel}","templated":true}]}}