{"id":5879,"date":"2022-12-19T03:44:45","date_gmt":"2022-12-19T03:44:45","guid":{"rendered":"https:\/\/inclusionsinlimitaciones.cl\/?p=5879"},"modified":"2023-01-27T03:54:14","modified_gmt":"2023-01-27T03:54:14","slug":"cierre-2022","status":"publish","type":"post","link":"https:\/\/inclusionsinlimitaciones.cl\/index.php\/2022\/12\/19\/cierre-2022\/","title":{"rendered":"Cierre 2022"},"content":{"rendered":"<h2>Corporaci\u00f3n APM finaliza su a\u00f1o formativo con evento art\u00edstico<\/h2>\n<p>Se finaliza el a\u00f1o formativo 2022 en APM con un evento realizado en el Gimnasio Municipal de Macul. Comenzando a las 20:00 hrs con un espacio de pausas activas, luego se le otorgaron los certificados a los participantes de pausas activas. Seguimos con una muestra del taller de bujinkan, seguido de la certificaci\u00f3n de sus participantes. Luego se entreg\u00f3 la certificaci\u00f3n de aprobaci\u00f3n a los auxiliares de reposter\u00eda convirti\u00e9ndose en parte del staff productivo de \u201cDelicias APM\u201d. Tambi\u00e9n se le otorg\u00f3 la certificaci\u00f3n a los auxiliares de reposter\u00eda y auxiliares de servicio. Se cerr\u00f3 la jornada con un extracto de la obra teatral preparada durante este a\u00f1o y con la presentaci\u00f3n de un n\u00famero musical de danza dirigido por el profesor Mario Aranda.<\/p>\n","protected":false},"excerpt":{"rendered":"<p>Corporaci\u00f3n APM finaliza su a\u00f1o formativo con evento art\u00edstico Se finaliza el a\u00f1o formativo 2022 en APM con un evento realizado en el Gimnasio Municipal de Macul. Comenzando a las 20:00 hrs con un espacio de pausas activas, luego se le otorgaron los certificados a los participantes de pausas activas. Seguimos con una muestra del &hellip; <a href=\"https:\/\/inclusionsinlimitaciones.cl\/index.php\/2022\/12\/19\/cierre-2022\/\" class=\"more-link\">Continue reading <span class=\"screen-reader-text\">Cierre 2022<\/span><\/a><\/p>\n","protected":false},"author":1,"featured_media":5882,"comment_status":"closed","ping_status":"closed","sticky":false,"template":"","format":"standard","meta":{"footnotes":""},"categories":[46],"tags":[],"class_list":["post-5879","post","type-post","status-publish","format-standard","has-post-thumbnail","hentry","category-uncategorized"],"_links":{"self":[{"href":"https:\/\/inclusionsinlimitaciones.cl\/index.php\/wp-json\/wp\/v2\/posts\/5879","targetHints":{"allow":["GET"]}}],"collection":[{"href":"https:\/\/inclusionsinlimitaciones.cl\/index.php\/wp-json\/wp\/v2\/posts"}],"about":[{"href":"https:\/\/inclusionsinlimitaciones.cl\/index.php\/wp-json\/wp\/v2\/types\/post"}],"author":[{"embeddable":true,"href":"https:\/\/inclusionsinlimitaciones.cl\/index.php\/wp-json\/wp\/v2\/users\/1"}],"replies":[{"embeddable":true,"href":"https:\/\/inclusionsinlimitaciones.cl\/index.php\/wp-json\/wp\/v2\/comments?post=5879"}],"version-history":[{"count":3,"href":"https:\/\/inclusionsinlimitaciones.cl\/index.php\/wp-json\/wp\/v2\/posts\/5879\/revisions"}],"predecessor-version":[{"id":5883,"href":"https:\/\/inclusionsinlimitaciones.cl\/index.php\/wp-json\/wp\/v2\/posts\/5879\/revisions\/5883"}],"wp:featuredmedia":[{"embeddable":true,"href":"https:\/\/inclusionsinlimitaciones.cl\/index.php\/wp-json\/wp\/v2\/media\/5882"}],"wp:attachment":[{"href":"https:\/\/inclusionsinlimitaciones.cl\/index.php\/wp-json\/wp\/v2\/media?parent=5879"}],"wp:term":[{"taxonomy":"category","embeddable":true,"href":"https:\/\/inclusionsinlimitaciones.cl\/index.php\/wp-json\/wp\/v2\/categories?post=5879"},{"taxonomy":"post_tag","embeddable":true,"href":"https:\/\/inclusionsinlimitaciones.cl\/index.php\/wp-json\/wp\/v2\/tags?post=5879"}],"curies":[{"name":"wp","href":"https:\/\/api.w.org\/{rel}","templated":true}]}}