{"id":5874,"date":"2022-12-17T03:37:32","date_gmt":"2022-12-17T03:37:32","guid":{"rendered":"https:\/\/inclusionsinlimitaciones.cl\/?p=5874"},"modified":"2023-01-27T03:42:53","modified_gmt":"2023-01-27T03:42:53","slug":"gala-apm","status":"publish","type":"post","link":"https:\/\/inclusionsinlimitaciones.cl\/index.php\/2022\/12\/17\/gala-apm\/","title":{"rendered":"Gala APM"},"content":{"rendered":"<h2>Se celebra la Gala de fin de a\u00f1o en la Casona APM<\/h2>\n<p>Luego de mucho tiempo sin una fiesta, APM como en los viejos tiempos pre pandemia, celebr\u00f3 una elegante Gala de fin de a\u00f1o en la Casona APM, organizada por las mam\u00e1s Gloria Baeza, Ximena Molina, Ana Schwarz y Eliana Contreras, a quienes les agradecemos de todo coraz\u00f3n por su compromiso y entusiasmo. Se destacaron las vestimentas formales, bailoteos y risas de los j\u00f3venes, culminando con un espacio para que todos mostraran un poco de sus talentos, especialmente el baile y el canto.<\/p>\n","protected":false},"excerpt":{"rendered":"<p>Se celebra la Gala de fin de a\u00f1o en la Casona APM Luego de mucho tiempo sin una fiesta, APM como en los viejos tiempos pre pandemia, celebr\u00f3 una elegante Gala de fin de a\u00f1o en la Casona APM, organizada por las mam\u00e1s Gloria Baeza, Ximena Molina, Ana Schwarz y Eliana Contreras, a quienes les &hellip; <a href=\"https:\/\/inclusionsinlimitaciones.cl\/index.php\/2022\/12\/17\/gala-apm\/\" class=\"more-link\">Continue reading <span class=\"screen-reader-text\">Gala APM<\/span><\/a><\/p>\n","protected":false},"author":1,"featured_media":5877,"comment_status":"closed","ping_status":"closed","sticky":false,"template":"","format":"standard","meta":{"footnotes":""},"categories":[46],"tags":[],"class_list":["post-5874","post","type-post","status-publish","format-standard","has-post-thumbnail","hentry","category-uncategorized"],"_links":{"self":[{"href":"https:\/\/inclusionsinlimitaciones.cl\/index.php\/wp-json\/wp\/v2\/posts\/5874","targetHints":{"allow":["GET"]}}],"collection":[{"href":"https:\/\/inclusionsinlimitaciones.cl\/index.php\/wp-json\/wp\/v2\/posts"}],"about":[{"href":"https:\/\/inclusionsinlimitaciones.cl\/index.php\/wp-json\/wp\/v2\/types\/post"}],"author":[{"embeddable":true,"href":"https:\/\/inclusionsinlimitaciones.cl\/index.php\/wp-json\/wp\/v2\/users\/1"}],"replies":[{"embeddable":true,"href":"https:\/\/inclusionsinlimitaciones.cl\/index.php\/wp-json\/wp\/v2\/comments?post=5874"}],"version-history":[{"count":3,"href":"https:\/\/inclusionsinlimitaciones.cl\/index.php\/wp-json\/wp\/v2\/posts\/5874\/revisions"}],"predecessor-version":[{"id":5878,"href":"https:\/\/inclusionsinlimitaciones.cl\/index.php\/wp-json\/wp\/v2\/posts\/5874\/revisions\/5878"}],"wp:featuredmedia":[{"embeddable":true,"href":"https:\/\/inclusionsinlimitaciones.cl\/index.php\/wp-json\/wp\/v2\/media\/5877"}],"wp:attachment":[{"href":"https:\/\/inclusionsinlimitaciones.cl\/index.php\/wp-json\/wp\/v2\/media?parent=5874"}],"wp:term":[{"taxonomy":"category","embeddable":true,"href":"https:\/\/inclusionsinlimitaciones.cl\/index.php\/wp-json\/wp\/v2\/categories?post=5874"},{"taxonomy":"post_tag","embeddable":true,"href":"https:\/\/inclusionsinlimitaciones.cl\/index.php\/wp-json\/wp\/v2\/tags?post=5874"}],"curies":[{"name":"wp","href":"https:\/\/api.w.org\/{rel}","templated":true}]}}