{"id":5861,"date":"2022-12-15T03:43:29","date_gmt":"2022-12-15T03:43:29","guid":{"rendered":"https:\/\/inclusionsinlimitaciones.cl\/?p=5861"},"modified":"2023-01-26T03:59:03","modified_gmt":"2023-01-26T03:59:03","slug":"alianza-mbs","status":"publish","type":"post","link":"https:\/\/inclusionsinlimitaciones.cl\/index.php\/2022\/12\/15\/alianza-mbs\/","title":{"rendered":"Alianza MBS"},"content":{"rendered":"<h2>Master Building Solutions renueva alianza con APM para este nuevo a\u00f1o<\/h2>\n<p>Estamos muy felices de anunciar que Master Building Solutions, renueva alianza con APM para este nuevo a\u00f1o 2023. Se solicit\u00f3 un pedido de 60 cafeteras y 60 caf\u00e9s de la l\u00ednea marca propia de APM \u201cCaf\u00e9 sin L\u00edmites\u201d para regalos a sus trabajadores. Nos enorgullece como el \u201cCaf\u00e9 Sin L\u00edmites\u201d cada d\u00eda llega a m\u00e1s clientes que tienen el agrado de probar este caf\u00e9 100% ar\u00e1bico con un intenso aroma de frescura y calidad, proveniente del sudeste de Medell\u00edn, y en Chile es tostado y envasado por los j\u00f3venes de APM con la calidad y respaldo de La Finca.<\/p>\n","protected":false},"excerpt":{"rendered":"<p>Master Building Solutions renueva alianza con APM para este nuevo a\u00f1o Estamos muy felices de anunciar que Master Building Solutions, renueva alianza con APM para este nuevo a\u00f1o 2023. Se solicit\u00f3 un pedido de 60 cafeteras y 60 caf\u00e9s de la l\u00ednea marca propia de APM \u201cCaf\u00e9 sin L\u00edmites\u201d para regalos a sus trabajadores. Nos &hellip; <a href=\"https:\/\/inclusionsinlimitaciones.cl\/index.php\/2022\/12\/15\/alianza-mbs\/\" class=\"more-link\">Continue reading <span class=\"screen-reader-text\">Alianza MBS<\/span><\/a><\/p>\n","protected":false},"author":1,"featured_media":5864,"comment_status":"closed","ping_status":"closed","sticky":false,"template":"","format":"standard","meta":{"footnotes":""},"categories":[46],"tags":[],"class_list":["post-5861","post","type-post","status-publish","format-standard","has-post-thumbnail","hentry","category-uncategorized"],"_links":{"self":[{"href":"https:\/\/inclusionsinlimitaciones.cl\/index.php\/wp-json\/wp\/v2\/posts\/5861","targetHints":{"allow":["GET"]}}],"collection":[{"href":"https:\/\/inclusionsinlimitaciones.cl\/index.php\/wp-json\/wp\/v2\/posts"}],"about":[{"href":"https:\/\/inclusionsinlimitaciones.cl\/index.php\/wp-json\/wp\/v2\/types\/post"}],"author":[{"embeddable":true,"href":"https:\/\/inclusionsinlimitaciones.cl\/index.php\/wp-json\/wp\/v2\/users\/1"}],"replies":[{"embeddable":true,"href":"https:\/\/inclusionsinlimitaciones.cl\/index.php\/wp-json\/wp\/v2\/comments?post=5861"}],"version-history":[{"count":2,"href":"https:\/\/inclusionsinlimitaciones.cl\/index.php\/wp-json\/wp\/v2\/posts\/5861\/revisions"}],"predecessor-version":[{"id":5865,"href":"https:\/\/inclusionsinlimitaciones.cl\/index.php\/wp-json\/wp\/v2\/posts\/5861\/revisions\/5865"}],"wp:featuredmedia":[{"embeddable":true,"href":"https:\/\/inclusionsinlimitaciones.cl\/index.php\/wp-json\/wp\/v2\/media\/5864"}],"wp:attachment":[{"href":"https:\/\/inclusionsinlimitaciones.cl\/index.php\/wp-json\/wp\/v2\/media?parent=5861"}],"wp:term":[{"taxonomy":"category","embeddable":true,"href":"https:\/\/inclusionsinlimitaciones.cl\/index.php\/wp-json\/wp\/v2\/categories?post=5861"},{"taxonomy":"post_tag","embeddable":true,"href":"https:\/\/inclusionsinlimitaciones.cl\/index.php\/wp-json\/wp\/v2\/tags?post=5861"}],"curies":[{"name":"wp","href":"https:\/\/api.w.org\/{rel}","templated":true}]}}