{"id":5856,"date":"2022-12-07T03:34:10","date_gmt":"2022-12-07T03:34:10","guid":{"rendered":"https:\/\/inclusionsinlimitaciones.cl\/?p=5856"},"modified":"2023-01-26T03:42:34","modified_gmt":"2023-01-26T03:42:34","slug":"alianza-bayer","status":"publish","type":"post","link":"https:\/\/inclusionsinlimitaciones.cl\/index.php\/2022\/12\/07\/alianza-bayer\/","title":{"rendered":"Alianza Bayer"},"content":{"rendered":"<h2>Bayer se une a la cartera de clientes de APM<\/h2>\n<p>Estamos muy felices de anunciar que Bayer es parte de los clientes a los que APM presta servicios de catering. Esta alianza se inaugur\u00f3 con la charla \u201cConstruyendo entornos laborales inclusivos\u201d, con la participaci\u00f3n de la relatora Jimena Luna. La jornada tambi\u00e9n incluy\u00f3 testimonios, pausas activas y un exquisito coffee break.<\/p>\n","protected":false},"excerpt":{"rendered":"<p>Bayer se une a la cartera de clientes de APM Estamos muy felices de anunciar que Bayer es parte de los clientes a los que APM presta servicios de catering. Esta alianza se inaugur\u00f3 con la charla \u201cConstruyendo entornos laborales inclusivos\u201d, con la participaci\u00f3n de la relatora Jimena Luna. La jornada tambi\u00e9n incluy\u00f3 testimonios, pausas &hellip; <a href=\"https:\/\/inclusionsinlimitaciones.cl\/index.php\/2022\/12\/07\/alianza-bayer\/\" class=\"more-link\">Continue reading <span class=\"screen-reader-text\">Alianza Bayer<\/span><\/a><\/p>\n","protected":false},"author":1,"featured_media":5859,"comment_status":"closed","ping_status":"closed","sticky":false,"template":"","format":"standard","meta":{"footnotes":""},"categories":[46],"tags":[],"class_list":["post-5856","post","type-post","status-publish","format-standard","has-post-thumbnail","hentry","category-uncategorized"],"_links":{"self":[{"href":"https:\/\/inclusionsinlimitaciones.cl\/index.php\/wp-json\/wp\/v2\/posts\/5856","targetHints":{"allow":["GET"]}}],"collection":[{"href":"https:\/\/inclusionsinlimitaciones.cl\/index.php\/wp-json\/wp\/v2\/posts"}],"about":[{"href":"https:\/\/inclusionsinlimitaciones.cl\/index.php\/wp-json\/wp\/v2\/types\/post"}],"author":[{"embeddable":true,"href":"https:\/\/inclusionsinlimitaciones.cl\/index.php\/wp-json\/wp\/v2\/users\/1"}],"replies":[{"embeddable":true,"href":"https:\/\/inclusionsinlimitaciones.cl\/index.php\/wp-json\/wp\/v2\/comments?post=5856"}],"version-history":[{"count":3,"href":"https:\/\/inclusionsinlimitaciones.cl\/index.php\/wp-json\/wp\/v2\/posts\/5856\/revisions"}],"predecessor-version":[{"id":5860,"href":"https:\/\/inclusionsinlimitaciones.cl\/index.php\/wp-json\/wp\/v2\/posts\/5856\/revisions\/5860"}],"wp:featuredmedia":[{"embeddable":true,"href":"https:\/\/inclusionsinlimitaciones.cl\/index.php\/wp-json\/wp\/v2\/media\/5859"}],"wp:attachment":[{"href":"https:\/\/inclusionsinlimitaciones.cl\/index.php\/wp-json\/wp\/v2\/media?parent=5856"}],"wp:term":[{"taxonomy":"category","embeddable":true,"href":"https:\/\/inclusionsinlimitaciones.cl\/index.php\/wp-json\/wp\/v2\/categories?post=5856"},{"taxonomy":"post_tag","embeddable":true,"href":"https:\/\/inclusionsinlimitaciones.cl\/index.php\/wp-json\/wp\/v2\/tags?post=5856"}],"curies":[{"name":"wp","href":"https:\/\/api.w.org\/{rel}","templated":true}]}}