{"id":5841,"date":"2022-12-02T02:54:17","date_gmt":"2022-12-02T02:54:17","guid":{"rendered":"https:\/\/inclusionsinlimitaciones.cl\/?p=5841"},"modified":"2023-01-26T03:03:20","modified_gmt":"2023-01-26T03:03:20","slug":"encuentro-por-la-inclusion","status":"publish","type":"post","link":"https:\/\/inclusionsinlimitaciones.cl\/index.php\/2022\/12\/02\/encuentro-por-la-inclusion\/","title":{"rendered":"Encuentro por la Inclusi\u00f3n"},"content":{"rendered":"<h2>APM participa de encuentro por la inclusi\u00f3n de SENADIS en Pe\u00f1alol\u00e9n<\/h2>\n<p>En el encuentro con la premisa: \u201cM\u00e1s derechos, m\u00e1s inclusi\u00f3n\u201d particip\u00f3 la corporaci\u00f3n en un stand mostrando sus deliciosos productos tales como cocadas, queques, galletas y pan de pascua realizados en el taller de reposter\u00eda por los j\u00f3venes y sus familias. Tambi\u00e9n uno de los j\u00f3venes de APM, Antonio Hartig realiz\u00f3 una presentaci\u00f3n de baile pascuense.<\/p>\n","protected":false},"excerpt":{"rendered":"<p>APM participa de encuentro por la inclusi\u00f3n de SENADIS en Pe\u00f1alol\u00e9n En el encuentro con la premisa: \u201cM\u00e1s derechos, m\u00e1s inclusi\u00f3n\u201d particip\u00f3 la corporaci\u00f3n en un stand mostrando sus deliciosos productos tales como cocadas, queques, galletas y pan de pascua realizados en el taller de reposter\u00eda por los j\u00f3venes y sus familias. Tambi\u00e9n uno de &hellip; <a href=\"https:\/\/inclusionsinlimitaciones.cl\/index.php\/2022\/12\/02\/encuentro-por-la-inclusion\/\" class=\"more-link\">Continue reading <span class=\"screen-reader-text\">Encuentro por la Inclusi\u00f3n<\/span><\/a><\/p>\n","protected":false},"author":1,"featured_media":5844,"comment_status":"closed","ping_status":"closed","sticky":false,"template":"","format":"standard","meta":{"footnotes":""},"categories":[46],"tags":[],"class_list":["post-5841","post","type-post","status-publish","format-standard","has-post-thumbnail","hentry","category-uncategorized"],"_links":{"self":[{"href":"https:\/\/inclusionsinlimitaciones.cl\/index.php\/wp-json\/wp\/v2\/posts\/5841","targetHints":{"allow":["GET"]}}],"collection":[{"href":"https:\/\/inclusionsinlimitaciones.cl\/index.php\/wp-json\/wp\/v2\/posts"}],"about":[{"href":"https:\/\/inclusionsinlimitaciones.cl\/index.php\/wp-json\/wp\/v2\/types\/post"}],"author":[{"embeddable":true,"href":"https:\/\/inclusionsinlimitaciones.cl\/index.php\/wp-json\/wp\/v2\/users\/1"}],"replies":[{"embeddable":true,"href":"https:\/\/inclusionsinlimitaciones.cl\/index.php\/wp-json\/wp\/v2\/comments?post=5841"}],"version-history":[{"count":3,"href":"https:\/\/inclusionsinlimitaciones.cl\/index.php\/wp-json\/wp\/v2\/posts\/5841\/revisions"}],"predecessor-version":[{"id":5845,"href":"https:\/\/inclusionsinlimitaciones.cl\/index.php\/wp-json\/wp\/v2\/posts\/5841\/revisions\/5845"}],"wp:featuredmedia":[{"embeddable":true,"href":"https:\/\/inclusionsinlimitaciones.cl\/index.php\/wp-json\/wp\/v2\/media\/5844"}],"wp:attachment":[{"href":"https:\/\/inclusionsinlimitaciones.cl\/index.php\/wp-json\/wp\/v2\/media?parent=5841"}],"wp:term":[{"taxonomy":"category","embeddable":true,"href":"https:\/\/inclusionsinlimitaciones.cl\/index.php\/wp-json\/wp\/v2\/categories?post=5841"},{"taxonomy":"post_tag","embeddable":true,"href":"https:\/\/inclusionsinlimitaciones.cl\/index.php\/wp-json\/wp\/v2\/tags?post=5841"}],"curies":[{"name":"wp","href":"https:\/\/api.w.org\/{rel}","templated":true}]}}