{"id":5819,"date":"2022-10-04T02:09:27","date_gmt":"2022-10-04T02:09:27","guid":{"rendered":"https:\/\/inclusionsinlimitaciones.cl\/?p=5819"},"modified":"2023-01-26T02:16:26","modified_gmt":"2023-01-26T02:16:26","slug":"cromosoma-21","status":"publish","type":"post","link":"https:\/\/inclusionsinlimitaciones.cl\/index.php\/2022\/10\/04\/cromosoma-21\/","title":{"rendered":"Cromosoma 21"},"content":{"rendered":"<h2><span style=\"font-weight: 400;\">Protagonista de la teleserie \u201cCromosoma 21\u201d es entrevistado en APM<\/span><br \/><!--more--><\/h2>\n<p><span style=\"font-weight: 400;\">El actor con S\u00edndrome de Down Sebasti\u00e1n Solorza protagoniza la serie de Canal 13 que trata sobre un joven acusado de un homicidio. La teleserie trata temas como la delincuencia, desigualdad social y principalmente la capacidad jur\u00eddica de las personas con S\u00edndrome de Down. Sebasti\u00e1n visit\u00f3 la Casona APM para una entrevista donde nos habl\u00f3 sobre su carrera actoral y sus planes a futuro.\u00a0<\/span><\/p>\n<p><span style=\"font-weight: 400;\">Pr\u00f3ximamente podr\u00e1s ver esta entrevista a trav\u00e9s del canal de Youtube de APM.\u00a0<\/span><!--more--><\/p>\n","protected":false},"excerpt":{"rendered":"<p>Protagonista de la teleserie \u201cCromosoma 21\u201d es entrevistado en APM<\/p>\n","protected":false},"author":1,"featured_media":5817,"comment_status":"closed","ping_status":"closed","sticky":false,"template":"","format":"standard","meta":{"footnotes":""},"categories":[46],"tags":[],"class_list":["post-5819","post","type-post","status-publish","format-standard","has-post-thumbnail","hentry","category-uncategorized"],"_links":{"self":[{"href":"https:\/\/inclusionsinlimitaciones.cl\/index.php\/wp-json\/wp\/v2\/posts\/5819","targetHints":{"allow":["GET"]}}],"collection":[{"href":"https:\/\/inclusionsinlimitaciones.cl\/index.php\/wp-json\/wp\/v2\/posts"}],"about":[{"href":"https:\/\/inclusionsinlimitaciones.cl\/index.php\/wp-json\/wp\/v2\/types\/post"}],"author":[{"embeddable":true,"href":"https:\/\/inclusionsinlimitaciones.cl\/index.php\/wp-json\/wp\/v2\/users\/1"}],"replies":[{"embeddable":true,"href":"https:\/\/inclusionsinlimitaciones.cl\/index.php\/wp-json\/wp\/v2\/comments?post=5819"}],"version-history":[{"count":1,"href":"https:\/\/inclusionsinlimitaciones.cl\/index.php\/wp-json\/wp\/v2\/posts\/5819\/revisions"}],"predecessor-version":[{"id":5824,"href":"https:\/\/inclusionsinlimitaciones.cl\/index.php\/wp-json\/wp\/v2\/posts\/5819\/revisions\/5824"}],"wp:featuredmedia":[{"embeddable":true,"href":"https:\/\/inclusionsinlimitaciones.cl\/index.php\/wp-json\/wp\/v2\/media\/5817"}],"wp:attachment":[{"href":"https:\/\/inclusionsinlimitaciones.cl\/index.php\/wp-json\/wp\/v2\/media?parent=5819"}],"wp:term":[{"taxonomy":"category","embeddable":true,"href":"https:\/\/inclusionsinlimitaciones.cl\/index.php\/wp-json\/wp\/v2\/categories?post=5819"},{"taxonomy":"post_tag","embeddable":true,"href":"https:\/\/inclusionsinlimitaciones.cl\/index.php\/wp-json\/wp\/v2\/tags?post=5819"}],"curies":[{"name":"wp","href":"https:\/\/api.w.org\/{rel}","templated":true}]}}