{"id":4178,"date":"2021-10-09T21:30:19","date_gmt":"2021-10-09T21:30:19","guid":{"rendered":"https:\/\/inclusionsinlimitaciones.cl\/?p=4178"},"modified":"2022-08-07T21:40:04","modified_gmt":"2022-08-07T21:40:04","slug":"importante-visita-recibimos-esta-semana-en-corporacion-apm","status":"publish","type":"post","link":"https:\/\/inclusionsinlimitaciones.cl\/index.php\/2021\/10\/09\/importante-visita-recibimos-esta-semana-en-corporacion-apm\/","title":{"rendered":"Importante visita recibimos esta semana en Corporaci\u00f3n APM"},"content":{"rendered":"\n<p>La empresa Master Builders Solutions Chile, quisieron conocernos \u00a0y visitaron nuestra casona. De esta forma, vieron con sus propios ojos el cari\u00f1o y empe\u00f1o que d\u00eda a d\u00eda los j\u00f3venes y sus familias ponen en el proyecto de panader\u00eda y cafeter\u00eda que estamos comenzando.<\/p>\n\n\n\n<p>En medio de las obras para acondicionar este espacio, se dieron cuenta del tremendo impacto de este proyecto en la sociedad y en nuestra comunidad, como un ejemplo de inclusi\u00f3n laboral de personas con discapacidad.<\/p>\n\n\n\n<p>Por lo mismo es que nuestro gran desaf\u00edo es seguir implementando las etapas que a\u00fan quedan, y hacerlo sostenible en el tiempo. Y ah\u00ed es donde empresas como Master Builders Solutions Chile pueden jugar un importante rol como colaboradores.<\/p>\n\n\n\n<p>Valoramos el gesto de esta empresa y su producto Sealtek de venir a conocernos. Creemos que la responsabilidad social empresarial no es algo que se pueda gestionar desde lejos, sino que parte por una buena conversaci\u00f3n cara a cara como la que sostuvimos.<\/p>\n\n\n\n<p>Confiamos en que este primer acercamiento nos llevar\u00e1 juntos a construir el sue\u00f1o de los y las j\u00f3venes de nuestra corporaci\u00f3n #APM.<\/p>\n","protected":false},"excerpt":{"rendered":"<p>La empresa Master Builders Solutions Chile, quisieron conocernos \u00a0y visitaron nuestra casona. De esta forma, vieron con sus propios ojos el cari\u00f1o y empe\u00f1o que d\u00eda a d\u00eda los j\u00f3venes y sus familias ponen en el proyecto de panader\u00eda y cafeter\u00eda que estamos comenzando. En medio de las obras para acondicionar este espacio, se dieron &hellip; <a href=\"https:\/\/inclusionsinlimitaciones.cl\/index.php\/2021\/10\/09\/importante-visita-recibimos-esta-semana-en-corporacion-apm\/\" class=\"more-link\">Continue reading <span class=\"screen-reader-text\">Importante visita recibimos esta semana en Corporaci\u00f3n APM<\/span><\/a><\/p>\n","protected":false},"author":1,"featured_media":4181,"comment_status":"closed","ping_status":"closed","sticky":false,"template":"","format":"standard","meta":{"footnotes":""},"categories":[1],"tags":[],"class_list":["post-4178","post","type-post","status-publish","format-standard","has-post-thumbnail","hentry","category-sin-categoria"],"_links":{"self":[{"href":"https:\/\/inclusionsinlimitaciones.cl\/index.php\/wp-json\/wp\/v2\/posts\/4178","targetHints":{"allow":["GET"]}}],"collection":[{"href":"https:\/\/inclusionsinlimitaciones.cl\/index.php\/wp-json\/wp\/v2\/posts"}],"about":[{"href":"https:\/\/inclusionsinlimitaciones.cl\/index.php\/wp-json\/wp\/v2\/types\/post"}],"author":[{"embeddable":true,"href":"https:\/\/inclusionsinlimitaciones.cl\/index.php\/wp-json\/wp\/v2\/users\/1"}],"replies":[{"embeddable":true,"href":"https:\/\/inclusionsinlimitaciones.cl\/index.php\/wp-json\/wp\/v2\/comments?post=4178"}],"version-history":[{"count":3,"href":"https:\/\/inclusionsinlimitaciones.cl\/index.php\/wp-json\/wp\/v2\/posts\/4178\/revisions"}],"predecessor-version":[{"id":4182,"href":"https:\/\/inclusionsinlimitaciones.cl\/index.php\/wp-json\/wp\/v2\/posts\/4178\/revisions\/4182"}],"wp:featuredmedia":[{"embeddable":true,"href":"https:\/\/inclusionsinlimitaciones.cl\/index.php\/wp-json\/wp\/v2\/media\/4181"}],"wp:attachment":[{"href":"https:\/\/inclusionsinlimitaciones.cl\/index.php\/wp-json\/wp\/v2\/media?parent=4178"}],"wp:term":[{"taxonomy":"category","embeddable":true,"href":"https:\/\/inclusionsinlimitaciones.cl\/index.php\/wp-json\/wp\/v2\/categories?post=4178"},{"taxonomy":"post_tag","embeddable":true,"href":"https:\/\/inclusionsinlimitaciones.cl\/index.php\/wp-json\/wp\/v2\/tags?post=4178"}],"curies":[{"name":"wp","href":"https:\/\/api.w.org\/{rel}","templated":true}]}}