{"id":4168,"date":"2021-11-10T21:06:02","date_gmt":"2021-11-10T21:06:02","guid":{"rendered":"https:\/\/inclusionsinlimitaciones.cl\/?p=4168"},"modified":"2022-08-07T21:15:29","modified_gmt":"2022-08-07T21:15:29","slug":"fms-group-comprometidos-con-la-inclusion-laboral","status":"publish","type":"post","link":"https:\/\/inclusionsinlimitaciones.cl\/index.php\/2021\/11\/10\/fms-group-comprometidos-con-la-inclusion-laboral\/","title":{"rendered":"FMS Group comprometidos con la inclusi\u00f3n laboral"},"content":{"rendered":"\n<p>Hace unas semanas fuimos hasta la empresa FMS Group para entregarles con mucho amor parte de nuestras deliciosas preparaciones que gracias a su aporte podemos realizar.<\/p>\n\n\n\n<p>FMS Group es una empresa dedicada al rubro de la alimentaci\u00f3n y hoteler\u00eda que provee a miles de personas que buscan un servicio hogare\u00f1o y de la mejor calidad.<br>Esta vez los regaloneados con el sabor a hogar fueron ellos, ya que una peque\u00f1a delegaci\u00f3n concurri\u00f3 hasta sus oficinas para retribuir su confianza, con una rica muestra de nuestros productos.<\/p>\n\n\n\n<p>Conversamos con Yerupza Villagr\u00e1n, Gerente de Recursos Humanos de FMS Group para agradecer su compromiso con APM y esto nos coment\u00f3:\u00a0<em>Hemos recibido con mucho entusiasmo y cari\u00f1o, en nuestras dependencias, la visita de dos bellos y entusiastas alumnos de APM. Que nos sorprendieron con su rico pan amasado y exquisito pan de pascua, todos quedaron felices con la degustaci\u00f3n.<\/em>\u00a0<em>Fue un momento de risas, conversas e intercambio de receta! (Que yo debo ver cada vez que preparo pan amasado) pero que ellos tienen en su memoria como una poes\u00eda para recitar. Estamos felices de ser parte de este tit\u00e1nico proyecto. Admiramos profundamente la labor que hacen d\u00eda a d\u00eda APM.\u201d<\/em><br><em>Fue un momento de risas, conversas e intercambio de receta! (Que yo debo ver cada vez que preparo pan amasado) pero que ellos tienen en su memoria como una poes\u00eda para recitar.Estamos felices de ser parte de este tit\u00e1nico proyecto. Admiramos profundamente la labor que hacen d\u00eda a d\u00eda APM.<\/em><\/p>\n\n\n\n<p>Esperamos nuestra visita fuera de su agrado y hagamos crecer esta red, pero por sobre todo, agradecemos a FMS Group por estar comprometida con la inserci\u00f3n laboral y apoyar a nuestros j\u00f3venes.<\/p>\n","protected":false},"excerpt":{"rendered":"<p>Hace unas semanas fuimos hasta la empresa FMS Group para entregarles con mucho amor parte de nuestras deliciosas preparaciones que gracias a su aporte podemos realizar. FMS Group es una empresa dedicada al rubro de la alimentaci\u00f3n y hoteler\u00eda que provee a miles de personas que buscan un servicio hogare\u00f1o y de la mejor calidad.Esta &hellip; <a href=\"https:\/\/inclusionsinlimitaciones.cl\/index.php\/2021\/11\/10\/fms-group-comprometidos-con-la-inclusion-laboral\/\" class=\"more-link\">Continue reading <span class=\"screen-reader-text\">FMS Group comprometidos con la inclusi\u00f3n laboral<\/span><\/a><\/p>\n","protected":false},"author":1,"featured_media":4170,"comment_status":"closed","ping_status":"closed","sticky":false,"template":"","format":"standard","meta":{"footnotes":""},"categories":[1],"tags":[],"class_list":["post-4168","post","type-post","status-publish","format-standard","has-post-thumbnail","hentry","category-sin-categoria"],"_links":{"self":[{"href":"https:\/\/inclusionsinlimitaciones.cl\/index.php\/wp-json\/wp\/v2\/posts\/4168","targetHints":{"allow":["GET"]}}],"collection":[{"href":"https:\/\/inclusionsinlimitaciones.cl\/index.php\/wp-json\/wp\/v2\/posts"}],"about":[{"href":"https:\/\/inclusionsinlimitaciones.cl\/index.php\/wp-json\/wp\/v2\/types\/post"}],"author":[{"embeddable":true,"href":"https:\/\/inclusionsinlimitaciones.cl\/index.php\/wp-json\/wp\/v2\/users\/1"}],"replies":[{"embeddable":true,"href":"https:\/\/inclusionsinlimitaciones.cl\/index.php\/wp-json\/wp\/v2\/comments?post=4168"}],"version-history":[{"count":3,"href":"https:\/\/inclusionsinlimitaciones.cl\/index.php\/wp-json\/wp\/v2\/posts\/4168\/revisions"}],"predecessor-version":[{"id":4172,"href":"https:\/\/inclusionsinlimitaciones.cl\/index.php\/wp-json\/wp\/v2\/posts\/4168\/revisions\/4172"}],"wp:featuredmedia":[{"embeddable":true,"href":"https:\/\/inclusionsinlimitaciones.cl\/index.php\/wp-json\/wp\/v2\/media\/4170"}],"wp:attachment":[{"href":"https:\/\/inclusionsinlimitaciones.cl\/index.php\/wp-json\/wp\/v2\/media?parent=4168"}],"wp:term":[{"taxonomy":"category","embeddable":true,"href":"https:\/\/inclusionsinlimitaciones.cl\/index.php\/wp-json\/wp\/v2\/categories?post=4168"},{"taxonomy":"post_tag","embeddable":true,"href":"https:\/\/inclusionsinlimitaciones.cl\/index.php\/wp-json\/wp\/v2\/tags?post=4168"}],"curies":[{"name":"wp","href":"https:\/\/api.w.org\/{rel}","templated":true}]}}