{"id":4164,"date":"2021-11-18T20:56:48","date_gmt":"2021-11-18T20:56:48","guid":{"rendered":"https:\/\/inclusionsinlimitaciones.cl\/?p=4164"},"modified":"2022-08-07T21:04:36","modified_gmt":"2022-08-07T21:04:36","slug":"apm-presente-en-el-primer-congreso-estatal-sobre-el-derecho-a-decidir-con-apoyos","status":"publish","type":"post","link":"https:\/\/inclusionsinlimitaciones.cl\/index.php\/2021\/11\/18\/apm-presente-en-el-primer-congreso-estatal-sobre-el-derecho-a-decidir-con-apoyos\/","title":{"rendered":"APM presente en el primer congreso Estatal sobre el derecho a Decidir Con Apoyos"},"content":{"rendered":"\n<p>El d\u00eda 18 de noviembre del 2021, fuimos invitados por la Asociaci\u00f3n Espa\u00f1ola de Fundaciones Tutelares, entidad encargada de apoyar, coordinar y asesorar a distintas fundaciones tutelares para aunar esfuerzos en materia de tutela de personas con discapacidad intelectual, a presentar nuestra corporaci\u00f3n en el marco del Primer Congreso Estatal sobre el derecho a Decidir Con Apoyos.<\/p>\n\n\n\n<p>El congreso tuvo una duraci\u00f3n de dos d\u00edas, donde hubo una gran diversidad de exponentes y temas de debate, todos centrados en el derecho a decidir y el acompa\u00f1amiento que se le debe dar a estas medidas.<\/p>\n\n\n\n<p>Este congreso tuvo la presencia de destacados ponentes como Carlos de la Torre, representante de la Plataforma Estatal de personas con Discapacidad intelectual o del desarrollo, Juan Manuel Fern\u00e1ndez, vocal del Consejo General del Poder Judicial y presidente del foro Justicia y Discapacidad, Santiago L\u00f3pez, presidente de Plena Inclusi\u00f3n, Espa\u00f1a.<\/p>\n\n\n\n<p>Entre los foros de discusi\u00f3n estuvo la importancia de la reforma para el reconocimiento de derechos de las personas con discapacidad para luego, dar paso a los talleres sobre el derecho a decidir, cada uno guiado por representantes jur\u00eddicos; como tambi\u00e9n, por miembros de la sociedad civil.&nbsp;<\/p>\n\n\n\n<p>Nuestra intervenci\u00f3n estuvo enmarcada en la presentaci\u00f3n de experiencias de otros pa\u00edses, como Australia, Per\u00fa y Rep\u00fablica Checa.<\/p>\n\n\n\n<p>Como Corporaci\u00f3n Apertura Para el Ma\u00f1ana, nos satisface poder colaborar con la Asociaci\u00f3n Espa\u00f1ola de Fundaciones Tutelares, respectivamente en el primer Congreso Estatal sobre el derecho a Decidir Con Apoyos y entregar un breve diagnostico del estado de nuestro pa\u00eds en materia de Capacidad Jur\u00eddica.<\/p>\n\n\n\n<p>Nuestra intervenci\u00f3n estuvo a cargo de Eduardo Lamatta, director fundador de Corporaci\u00f3n Apertura para el Ma\u00f1ana, D\u00e9bora G\u00e1lvez, directora ejecutiva, Sandra Basso, abogada asesora APM y toda nuestra comunidad.<\/p>\n\n\n\n<p>En el video que tiene una duraci\u00f3n de 15 minutos mostramos parte de nuestro quehacer en AMP, contamos sobre el camino que ya hemos trazado y entregamos nuestra visi\u00f3n del estado de nuestro pa\u00eds en capacidad jur\u00eddica y contamos sobre los aportes que como corporaci\u00f3n estamos haciendo para que los derechos de las personas con discapacidad intelectual nunca m\u00e1s sean vulnerados.<\/p>\n\n\n\n<p>Si quieres revisar nuestra intervenci\u00f3n en el Primer Congreso Estatal sobre el derecho a Decidir Con Apoyos, puedes ingresar a nuestro canal de youtube, pinchando el siguiente link:&nbsp;<a href=\"https:\/\/youtu.be\/FDz0rR_ZI8Y\">https:\/\/youtu.be\/FDz0rR_ZI8Y<\/a><\/p>\n","protected":false},"excerpt":{"rendered":"<p>El d\u00eda 18 de noviembre del 2021, fuimos invitados por la Asociaci\u00f3n Espa\u00f1ola de Fundaciones Tutelares, entidad encargada de apoyar, coordinar y asesorar a distintas fundaciones tutelares para aunar esfuerzos en materia de tutela de personas con discapacidad intelectual, a presentar nuestra corporaci\u00f3n en el marco del Primer Congreso Estatal sobre el derecho a Decidir &hellip; <a href=\"https:\/\/inclusionsinlimitaciones.cl\/index.php\/2021\/11\/18\/apm-presente-en-el-primer-congreso-estatal-sobre-el-derecho-a-decidir-con-apoyos\/\" class=\"more-link\">Continue reading <span class=\"screen-reader-text\">APM presente en el primer congreso Estatal sobre el derecho a Decidir Con Apoyos<\/span><\/a><\/p>\n","protected":false},"author":1,"featured_media":4167,"comment_status":"closed","ping_status":"closed","sticky":false,"template":"","format":"standard","meta":{"footnotes":""},"categories":[1],"tags":[],"class_list":["post-4164","post","type-post","status-publish","format-standard","has-post-thumbnail","hentry","category-sin-categoria"],"_links":{"self":[{"href":"https:\/\/inclusionsinlimitaciones.cl\/index.php\/wp-json\/wp\/v2\/posts\/4164","targetHints":{"allow":["GET"]}}],"collection":[{"href":"https:\/\/inclusionsinlimitaciones.cl\/index.php\/wp-json\/wp\/v2\/posts"}],"about":[{"href":"https:\/\/inclusionsinlimitaciones.cl\/index.php\/wp-json\/wp\/v2\/types\/post"}],"author":[{"embeddable":true,"href":"https:\/\/inclusionsinlimitaciones.cl\/index.php\/wp-json\/wp\/v2\/users\/1"}],"replies":[{"embeddable":true,"href":"https:\/\/inclusionsinlimitaciones.cl\/index.php\/wp-json\/wp\/v2\/comments?post=4164"}],"version-history":[{"count":2,"href":"https:\/\/inclusionsinlimitaciones.cl\/index.php\/wp-json\/wp\/v2\/posts\/4164\/revisions"}],"predecessor-version":[{"id":4166,"href":"https:\/\/inclusionsinlimitaciones.cl\/index.php\/wp-json\/wp\/v2\/posts\/4164\/revisions\/4166"}],"wp:featuredmedia":[{"embeddable":true,"href":"https:\/\/inclusionsinlimitaciones.cl\/index.php\/wp-json\/wp\/v2\/media\/4167"}],"wp:attachment":[{"href":"https:\/\/inclusionsinlimitaciones.cl\/index.php\/wp-json\/wp\/v2\/media?parent=4164"}],"wp:term":[{"taxonomy":"category","embeddable":true,"href":"https:\/\/inclusionsinlimitaciones.cl\/index.php\/wp-json\/wp\/v2\/categories?post=4164"},{"taxonomy":"post_tag","embeddable":true,"href":"https:\/\/inclusionsinlimitaciones.cl\/index.php\/wp-json\/wp\/v2\/tags?post=4164"}],"curies":[{"name":"wp","href":"https:\/\/api.w.org\/{rel}","templated":true}]}}