{"id":4158,"date":"2021-11-22T20:03:27","date_gmt":"2021-11-22T20:03:27","guid":{"rendered":"https:\/\/inclusionsinlimitaciones.cl\/?p=4158"},"modified":"2022-08-07T20:53:46","modified_gmt":"2022-08-07T20:53:46","slug":"colegio-alicante-de-maipu-comprometidos-con-la-inclusion-laboral","status":"publish","type":"post","link":"https:\/\/inclusionsinlimitaciones.cl\/index.php\/2021\/11\/22\/colegio-alicante-de-maipu-comprometidos-con-la-inclusion-laboral\/","title":{"rendered":"Colegio Alicante de Maip\u00fa comprometidos con la inclusi\u00f3n laboral"},"content":{"rendered":"\n<p>Tremendamente felices nos pone retribuir de alguna forma el compromiso del Colegio Alicante de Maip\u00fa con APM y para agradecer su apoyo les llevamos hasta sus dependencias una degustaci\u00f3n de nuestros deliciosos productos.<\/p>\n\n\n\n<p>Un punto medular en el proyecto educativo del colegio Alicante de Maip\u00fa es la inclusi\u00f3n centr\u00e1ndose en la inteligencia emocional y la inteligencia intelectual para formar a los alumnos en un ambiente desafiante e inclusivo.<\/p>\n\n\n\n<p>Estamos muy contentos con recibir su apoyo y compromiso con la inserci\u00f3n laboral.<\/p>\n","protected":false},"excerpt":{"rendered":"<p>Tremendamente felices nos pone retribuir de alguna forma el compromiso del Colegio Alicante de Maip\u00fa con APM y para agradecer su apoyo les llevamos hasta sus dependencias una degustaci\u00f3n de nuestros deliciosos productos. Un punto medular en el proyecto educativo del colegio Alicante de Maip\u00fa es la inclusi\u00f3n centr\u00e1ndose en la inteligencia emocional y la &hellip; <a href=\"https:\/\/inclusionsinlimitaciones.cl\/index.php\/2021\/11\/22\/colegio-alicante-de-maipu-comprometidos-con-la-inclusion-laboral\/\" class=\"more-link\">Continue reading <span class=\"screen-reader-text\">Colegio Alicante de Maip\u00fa comprometidos con la inclusi\u00f3n laboral<\/span><\/a><\/p>\n","protected":false},"author":1,"featured_media":4162,"comment_status":"closed","ping_status":"closed","sticky":false,"template":"","format":"standard","meta":{"footnotes":""},"categories":[1],"tags":[],"class_list":["post-4158","post","type-post","status-publish","format-standard","has-post-thumbnail","hentry","category-sin-categoria"],"_links":{"self":[{"href":"https:\/\/inclusionsinlimitaciones.cl\/index.php\/wp-json\/wp\/v2\/posts\/4158","targetHints":{"allow":["GET"]}}],"collection":[{"href":"https:\/\/inclusionsinlimitaciones.cl\/index.php\/wp-json\/wp\/v2\/posts"}],"about":[{"href":"https:\/\/inclusionsinlimitaciones.cl\/index.php\/wp-json\/wp\/v2\/types\/post"}],"author":[{"embeddable":true,"href":"https:\/\/inclusionsinlimitaciones.cl\/index.php\/wp-json\/wp\/v2\/users\/1"}],"replies":[{"embeddable":true,"href":"https:\/\/inclusionsinlimitaciones.cl\/index.php\/wp-json\/wp\/v2\/comments?post=4158"}],"version-history":[{"count":2,"href":"https:\/\/inclusionsinlimitaciones.cl\/index.php\/wp-json\/wp\/v2\/posts\/4158\/revisions"}],"predecessor-version":[{"id":4161,"href":"https:\/\/inclusionsinlimitaciones.cl\/index.php\/wp-json\/wp\/v2\/posts\/4158\/revisions\/4161"}],"wp:featuredmedia":[{"embeddable":true,"href":"https:\/\/inclusionsinlimitaciones.cl\/index.php\/wp-json\/wp\/v2\/media\/4162"}],"wp:attachment":[{"href":"https:\/\/inclusionsinlimitaciones.cl\/index.php\/wp-json\/wp\/v2\/media?parent=4158"}],"wp:term":[{"taxonomy":"category","embeddable":true,"href":"https:\/\/inclusionsinlimitaciones.cl\/index.php\/wp-json\/wp\/v2\/categories?post=4158"},{"taxonomy":"post_tag","embeddable":true,"href":"https:\/\/inclusionsinlimitaciones.cl\/index.php\/wp-json\/wp\/v2\/tags?post=4158"}],"curies":[{"name":"wp","href":"https:\/\/api.w.org\/{rel}","templated":true}]}}