{"id":4146,"date":"2021-12-17T19:29:36","date_gmt":"2021-12-17T19:29:36","guid":{"rendered":"https:\/\/inclusionsinlimitaciones.cl\/?p=4146"},"modified":"2022-08-07T19:58:20","modified_gmt":"2022-08-07T19:58:20","slug":"el-carnaval-apm-recorre-su-propio-barrio-de-providencia","status":"publish","type":"post","link":"https:\/\/inclusionsinlimitaciones.cl\/index.php\/2021\/12\/17\/el-carnaval-apm-recorre-su-propio-barrio-de-providencia\/","title":{"rendered":"El carnaval APM, recorre su propio barrio de Providencia"},"content":{"rendered":"\n<p>Este viernes 17 de diciembre, j\u00f3venes de la Corporaci\u00f3n APM realizaron un pasacalles que demostr\u00f3 el trabajo realizado en danza y teatro, hito que marc\u00f3 el cierre de los talleres art\u00edsticos de este 2021, pero que dan inicio a otra temporada. La intervenci\u00f3n tuvo lugar en las calles aleda\u00f1as de Seminario y la casona de avenida Providencia, en un recorrido lleno de m\u00fasica, c\u00e1nticos y baile.<\/p>\n\n\n\n<p><br>La iniciativa forma parte del objetivo de difundir la labor que realiza la corporaci\u00f3n, visualizando los distintos talleres que ofrece la organizaci\u00f3n para contribuir al desarrollo art\u00edstico de los j\u00f3venes mediante distintas actividades que promueven el desenvolvimiento art\u00edstico de sus participantes.<\/p>\n\n\n\n<p><br>Mario Aranda, profesor de danza y tambi\u00e9n ayudante del taller de panader\u00eda de la instituci\u00f3n, enfatiza en la importancia de estos talleres para el crecimiento personal de sus estudiantes. \u201cGeneran un desarrollo afectivo, un desarrollo en donde ellos puedan tener mayor contacto\u201d, asegura el encargado.<\/p>\n\n\n\n<p><br>Por otro lado, podemos ver que aqu\u00ed manifiestan \u201cexpresiones de ellos mismos, que han estado muy guardadas, que con el arte han podido ir desarrollando, por lo que muchos, hoy d\u00eda est\u00e1n definiendo algunas cosas gracias a las artes y a estas herramientas que se les han ido entregando\u201d, se\u00f1ala B\u00e1rbara Parra, profesora de teatro de la corporaci\u00f3n.<\/p>\n\n\n\n<p>La jornada, marcada por la gran participaci\u00f3n de sus integrantes y la gran acogida de los transe\u00fantes, se suma a las enriquecedoras experiencias que todos y todas las j\u00f3venes pertenecientes a la corporaci\u00f3n gozan diariamente en esta instituci\u00f3n.<\/p>\n","protected":false},"excerpt":{"rendered":"<p>Este viernes 17 de diciembre, j\u00f3venes de la Corporaci\u00f3n APM realizaron un pasacalles que demostr\u00f3 el trabajo realizado en danza y teatro, hito que marc\u00f3 el cierre de los talleres art\u00edsticos de este 2021, pero que dan inicio a otra temporada. La intervenci\u00f3n tuvo lugar en las calles aleda\u00f1as de Seminario y la casona de &hellip; <a href=\"https:\/\/inclusionsinlimitaciones.cl\/index.php\/2021\/12\/17\/el-carnaval-apm-recorre-su-propio-barrio-de-providencia\/\" class=\"more-link\">Continue reading <span class=\"screen-reader-text\">El carnaval APM, recorre su propio barrio de Providencia<\/span><\/a><\/p>\n","protected":false},"author":1,"featured_media":4155,"comment_status":"closed","ping_status":"closed","sticky":false,"template":"","format":"standard","meta":{"footnotes":""},"categories":[1],"tags":[],"class_list":["post-4146","post","type-post","status-publish","format-standard","has-post-thumbnail","hentry","category-sin-categoria"],"_links":{"self":[{"href":"https:\/\/inclusionsinlimitaciones.cl\/index.php\/wp-json\/wp\/v2\/posts\/4146","targetHints":{"allow":["GET"]}}],"collection":[{"href":"https:\/\/inclusionsinlimitaciones.cl\/index.php\/wp-json\/wp\/v2\/posts"}],"about":[{"href":"https:\/\/inclusionsinlimitaciones.cl\/index.php\/wp-json\/wp\/v2\/types\/post"}],"author":[{"embeddable":true,"href":"https:\/\/inclusionsinlimitaciones.cl\/index.php\/wp-json\/wp\/v2\/users\/1"}],"replies":[{"embeddable":true,"href":"https:\/\/inclusionsinlimitaciones.cl\/index.php\/wp-json\/wp\/v2\/comments?post=4146"}],"version-history":[{"count":2,"href":"https:\/\/inclusionsinlimitaciones.cl\/index.php\/wp-json\/wp\/v2\/posts\/4146\/revisions"}],"predecessor-version":[{"id":4149,"href":"https:\/\/inclusionsinlimitaciones.cl\/index.php\/wp-json\/wp\/v2\/posts\/4146\/revisions\/4149"}],"wp:featuredmedia":[{"embeddable":true,"href":"https:\/\/inclusionsinlimitaciones.cl\/index.php\/wp-json\/wp\/v2\/media\/4155"}],"wp:attachment":[{"href":"https:\/\/inclusionsinlimitaciones.cl\/index.php\/wp-json\/wp\/v2\/media?parent=4146"}],"wp:term":[{"taxonomy":"category","embeddable":true,"href":"https:\/\/inclusionsinlimitaciones.cl\/index.php\/wp-json\/wp\/v2\/categories?post=4146"},{"taxonomy":"post_tag","embeddable":true,"href":"https:\/\/inclusionsinlimitaciones.cl\/index.php\/wp-json\/wp\/v2\/tags?post=4146"}],"curies":[{"name":"wp","href":"https:\/\/api.w.org\/{rel}","templated":true}]}}