{"id":3008,"date":"2022-06-21T06:30:10","date_gmt":"2022-06-21T06:30:10","guid":{"rendered":"http:\/\/www.anarieldesign.com\/themedemos\/maisha\/?p=92"},"modified":"2022-07-03T04:42:37","modified_gmt":"2022-07-03T04:42:37","slug":"dia-del-padre","status":"publish","type":"post","link":"https:\/\/inclusionsinlimitaciones.cl\/index.php\/2022\/06\/21\/dia-del-padre\/","title":{"rendered":"D\u00eda del Padre"},"content":{"rendered":"<p>El Instagram del Senadis public\u00f3 una hermosa foto con dedicatoria para el D\u00eda del Padre: Hoy reconocemos la labor de todos los padres, especialmente a los padres con discapacidad y padres cuidadores, a trav\u00e9s de la historia de don Eduardo Lamatta Petricic, que d\u00eda a d\u00eda acompa\u00f1a a su hijo Daniel, entreg\u00e1ndole las herramientas necesarias para una vida independiente.<\/p>\n<p><!--more--><\/p>\n","protected":false},"excerpt":{"rendered":"<p>El Instagram del Senadis public\u00f3 una hermosa foto con dedicatoria para el D\u00eda del Padre: Hoy reconocemos la labor de todos los padres, especialmente a los padres con discapacidad y padres cuidadores, a trav\u00e9s de la historia de don Eduardo Lamatta Petricic, que d\u00eda a d\u00eda acompa\u00f1a a su hijo Daniel, entreg\u00e1ndole las herramientas necesarias &hellip; <a href=\"https:\/\/inclusionsinlimitaciones.cl\/index.php\/2022\/06\/21\/dia-del-padre\/\" class=\"more-link\">Continue reading <span class=\"screen-reader-text\">D\u00eda del Padre<\/span><\/a><\/p>\n","protected":false},"author":1,"featured_media":3824,"comment_status":"closed","ping_status":"closed","sticky":false,"template":"","format":"standard","meta":{"footnotes":""},"categories":[46],"tags":[],"class_list":["post-3008","post","type-post","status-publish","format-standard","has-post-thumbnail","hentry","category-uncategorized"],"_links":{"self":[{"href":"https:\/\/inclusionsinlimitaciones.cl\/index.php\/wp-json\/wp\/v2\/posts\/3008","targetHints":{"allow":["GET"]}}],"collection":[{"href":"https:\/\/inclusionsinlimitaciones.cl\/index.php\/wp-json\/wp\/v2\/posts"}],"about":[{"href":"https:\/\/inclusionsinlimitaciones.cl\/index.php\/wp-json\/wp\/v2\/types\/post"}],"author":[{"embeddable":true,"href":"https:\/\/inclusionsinlimitaciones.cl\/index.php\/wp-json\/wp\/v2\/users\/1"}],"replies":[{"embeddable":true,"href":"https:\/\/inclusionsinlimitaciones.cl\/index.php\/wp-json\/wp\/v2\/comments?post=3008"}],"version-history":[{"count":3,"href":"https:\/\/inclusionsinlimitaciones.cl\/index.php\/wp-json\/wp\/v2\/posts\/3008\/revisions"}],"predecessor-version":[{"id":3825,"href":"https:\/\/inclusionsinlimitaciones.cl\/index.php\/wp-json\/wp\/v2\/posts\/3008\/revisions\/3825"}],"wp:featuredmedia":[{"embeddable":true,"href":"https:\/\/inclusionsinlimitaciones.cl\/index.php\/wp-json\/wp\/v2\/media\/3824"}],"wp:attachment":[{"href":"https:\/\/inclusionsinlimitaciones.cl\/index.php\/wp-json\/wp\/v2\/media?parent=3008"}],"wp:term":[{"taxonomy":"category","embeddable":true,"href":"https:\/\/inclusionsinlimitaciones.cl\/index.php\/wp-json\/wp\/v2\/categories?post=3008"},{"taxonomy":"post_tag","embeddable":true,"href":"https:\/\/inclusionsinlimitaciones.cl\/index.php\/wp-json\/wp\/v2\/tags?post=3008"}],"curies":[{"name":"wp","href":"https:\/\/api.w.org\/{rel}","templated":true}]}}